{"id":3270,"date":"2025-10-23T20:38:20","date_gmt":"2025-10-23T18:38:20","guid":{"rendered":"https:\/\/www.experiences.it\/channels\/?p=3270"},"modified":"2025-10-24T11:19:06","modified_gmt":"2025-10-24T09:19:06","slug":"camilleri-il-teatro-infinito-di-un-uomo-che-non-smise-mai-di-raccontare","status":"publish","type":"post","link":"https:\/\/www.experiences.it\/channels\/archives\/3270","title":{"rendered":"Camilleri, il teatro infinito di un uomo che non smise mai di raccontare"},"content":{"rendered":"\n<div style=\"height:90px\" aria-hidden=\"true\" class=\"wp-block-spacer\"><\/div>\n\n\n<div class=\"wp-block-image wp-duotone-abb8c3-abb8c3-1\">\n<figure class=\"aligncenter size-full is-resized\"><img decoding=\"async\" src=\"https:\/\/www.experiences.it\/res\/wp-content\/uploads\/2022\/12\/punto.png\" alt=\"\" class=\"wp-image-50291\" style=\"width:25px;height:25px\"\/><\/figure>\n<\/div>\n\n\n<div style=\"height:90px\" aria-hidden=\"true\" class=\"wp-block-spacer\"><\/div>\n\n\n\n<div style=\"height:90px\" aria-hidden=\"true\" class=\"wp-block-spacer\"><\/div>\n\n\n\n<p class=\"has-large-font-size\"><strong>A Palazzo Firenze la mostra per i cent\u2019anni dello scrittore: sei stanze per una vita intera<\/strong><\/p>\n\n\n\n<p class=\"has-vivid-red-color has-text-color has-link-color wp-elements-a195dfefa9f8d12e44613cb7d40e08bf\"><strong><em>di Salvo Morelli<\/em><\/strong><\/p>\n\n\n\n<div style=\"height:60px\" aria-hidden=\"true\" class=\"wp-block-spacer\"><\/div>\n\n\n\n<div class=\"wp-block-columns is-layout-flex wp-container-core-columns-is-layout-9d6595d7 wp-block-columns-is-layout-flex\">\n<div class=\"wp-block-column is-layout-flow wp-block-column-is-layout-flow\" style=\"flex-basis:33.33%\">\n<figure class=\"wp-block-table alignleft is-style-stripes\" style=\"font-size:18px\"><table><tbody><tr><td><strong>&#8220;ANDREA CAMILLERI.<br>Scene, voci, accenti, scritture: il teatro infinito di Andrea Camilleri&#8221;<\/strong><br><br><strong>Palazzo Firenze, Roma<br>23 ottobre &#8211; 9 novembre 2025<br><br>Palazzo Firenze<br>Piazza di Firenze, 27 &#8211; 00186 Roma<\/strong><br><br><\/td><\/tr><\/tbody><\/table><\/figure>\n\n\n\n<div style=\"height:20px\" aria-hidden=\"true\" class=\"wp-block-spacer\"><\/div>\n\n\n\n<div style=\"height:20px\" aria-hidden=\"true\" class=\"wp-block-spacer\"><\/div>\n\n\n\n<div style=\"height:20px\" aria-hidden=\"true\" class=\"wp-block-spacer\"><\/div>\n\n\n\n<div style=\"height:20px\" aria-hidden=\"true\" class=\"wp-block-spacer\"><\/div>\n<\/div>\n\n\n\n<div class=\"wp-block-column is-layout-flow wp-block-column-is-layout-flow\" style=\"flex-basis:66.66%\">\n<p class=\"has-drop-cap\">A Roma, nella Sala Walter Mauro di Palazzo Firenze, la <strong>Societ\u00e0 Dante Alighieri<\/strong> inaugura il primo omaggio per i cento anni dalla nascita di <strong>Andrea Camilleri<\/strong>. La mostra si intitola <em>Scene, voci, accenti, scritture: il teatro infinito di Andrea Camilleri<\/em>, e gi\u00e0 nel titolo si capisce che il commissario Montalbano rester\u00e0 fuori scena, o quasi.<\/p>\n\n\n\n<p>Curata dallo storico <strong>Giulio Ferroni<\/strong> e realizzata in collaborazione con il <strong>Fondo Camilleri<\/strong> e la produzione di <strong>Arthemisia<\/strong>, l\u2019esposizione vuole restituire il ritratto di uno scrittore che non si \u00e8 mai accontentato di un solo mestiere. Regista, sceneggiatore, drammaturgo, narratore, e in fondo anche attore di s\u00e9 stesso. Perch\u00e9 Camilleri, come Pirandello, pensava che il mondo fosse un grande palcoscenico dove le persone si aggirano recitando parti che spesso non scelgono.<\/p>\n\n\n<div class=\"wp-block-image\">\n<figure data-wp-context=\"{&quot;imageId&quot;:&quot;69ec9331ac288&quot;}\" data-wp-interactive=\"core\/image\" data-wp-key=\"69ec9331ac288\" class=\"aligncenter size-large wp-lightbox-container\"><img decoding=\"async\" data-wp-class--hide=\"state.isContentHidden\" data-wp-class--show=\"state.isContentVisible\" data-wp-init=\"callbacks.setButtonStyles\" data-wp-on--click=\"actions.showLightbox\" data-wp-on--load=\"callbacks.setButtonStyles\" data-wp-on-window--resize=\"callbacks.setButtonStyles\" src=\"https:\/\/8748962.fs1.hubspotusercontent-na1.net\/hubfs\/8748962\/Andrea%20Camilleri%20in%20un%20ritratto%20giovanile%20(foto%20Fondo%20Andrea%20Camilleri).jpg\" alt=\"\"\/><button\n\t\t\tclass=\"lightbox-trigger\"\n\t\t\ttype=\"button\"\n\t\t\taria-haspopup=\"dialog\"\n\t\t\taria-label=\"Ingrandisci\"\n\t\t\tdata-wp-init=\"callbacks.initTriggerButton\"\n\t\t\tdata-wp-on--click=\"actions.showLightbox\"\n\t\t\tdata-wp-style--right=\"state.imageButtonRight\"\n\t\t\tdata-wp-style--top=\"state.imageButtonTop\"\n\t\t>\n\t\t\t<svg xmlns=\"http:\/\/www.w3.org\/2000\/svg\" width=\"12\" height=\"12\" fill=\"none\" viewBox=\"0 0 12 12\">\n\t\t\t\t<path fill=\"#fff\" d=\"M2 0a2 2 0 0 0-2 2v2h1.5V2a.5.5 0 0 1 .5-.5h2V0H2Zm2 10.5H2a.5.5 0 0 1-.5-.5V8H0v2a2 2 0 0 0 2 2h2v-1.5ZM8 12v-1.5h2a.5.5 0 0 0 .5-.5V8H12v2a2 2 0 0 1-2 2H8Zm2-12a2 2 0 0 1 2 2v2h-1.5V2a.5.5 0 0 0-.5-.5H8V0h2Z\" \/>\n\t\t\t<\/svg>\n\t\t<\/button><figcaption class=\"wp-element-caption\">Andrea Camilleri in un ritratto giovanile (foto Fondo Andrea Camilleri)<\/figcaption><\/figure>\n<\/div>\n\n\n<div style=\"height:30px\" aria-hidden=\"true\" class=\"wp-block-spacer\"><\/div>\n\n\n\n<p>Sei sezioni raccontano questa parabola. Dalla <strong>famiglia e la scuola<\/strong> del giovane Andrea \u2014 con quaderni, prime poesie e le letture di Montale e Saba \u2014 fino alle <strong>regie teatrali<\/strong> accanto a Orazio Costa e ai copioni di Beckett, Pirandello e Ionesco. Poi c\u2019\u00e8 la <strong>RAI<\/strong>, dove invent\u00f2 serie come <em>Il tenente Sheridan<\/em> e <em>Maigret<\/em>, e scambi\u00f2 lettere con Primo Levi e Sciascia. Seguono gli anni del <strong>Camilleri narratore<\/strong>, dalle prime prove dattiloscritte alla nascita del commissario di Vig\u00e0ta, con tanto di glossario siciliano redatto di suo pugno.<\/p>\n\n\n\n<p>Infine, la <strong>visione<\/strong>: Caravaggio, Guttuso, Renoir. E il testamento spirituale di <em>Conversazione su Tiresia<\/em>, il monologo che recit\u00f2 nel 2018 al Teatro Greco di Siracusa, un anno prima della morte. In quella voce cieca, ma lucida e ferma, Camilleri sembrava voler dire che la vita \u00e8 un mistero che si affronta raccontando.<\/p>\n\n\n<div class=\"wp-block-image\">\n<figure data-wp-context=\"{&quot;imageId&quot;:&quot;69ec9331ac56c&quot;}\" data-wp-interactive=\"core\/image\" data-wp-key=\"69ec9331ac56c\" class=\"aligncenter size-large wp-lightbox-container\"><img decoding=\"async\" data-wp-class--hide=\"state.isContentHidden\" data-wp-class--show=\"state.isContentVisible\" data-wp-init=\"callbacks.setButtonStyles\" data-wp-on--click=\"actions.showLightbox\" data-wp-on--load=\"callbacks.setButtonStyles\" data-wp-on-window--resize=\"callbacks.setButtonStyles\" src=\"https:\/\/8748962.fs1.hubspotusercontent-na1.net\/hubfs\/8748962\/ZVE01661%20copia.jpg\" alt=\"\"\/><button\n\t\t\tclass=\"lightbox-trigger\"\n\t\t\ttype=\"button\"\n\t\t\taria-haspopup=\"dialog\"\n\t\t\taria-label=\"Ingrandisci\"\n\t\t\tdata-wp-init=\"callbacks.initTriggerButton\"\n\t\t\tdata-wp-on--click=\"actions.showLightbox\"\n\t\t\tdata-wp-style--right=\"state.imageButtonRight\"\n\t\t\tdata-wp-style--top=\"state.imageButtonTop\"\n\t\t>\n\t\t\t<svg xmlns=\"http:\/\/www.w3.org\/2000\/svg\" width=\"12\" height=\"12\" fill=\"none\" viewBox=\"0 0 12 12\">\n\t\t\t\t<path fill=\"#fff\" d=\"M2 0a2 2 0 0 0-2 2v2h1.5V2a.5.5 0 0 1 .5-.5h2V0H2Zm2 10.5H2a.5.5 0 0 1-.5-.5V8H0v2a2 2 0 0 0 2 2h2v-1.5ZM8 12v-1.5h2a.5.5 0 0 0 .5-.5V8H12v2a2 2 0 0 1-2 2H8Zm2-12a2 2 0 0 1 2 2v2h-1.5V2a.5.5 0 0 0-.5-.5H8V0h2Z\" \/>\n\t\t\t<\/svg>\n\t\t<\/button><figcaption class=\"wp-element-caption\">Allestimento<\/figcaption><\/figure>\n<\/div>\n\n\n<div style=\"height:30px\" aria-hidden=\"true\" class=\"wp-block-spacer\"><\/div>\n\n\n\n<p>Il percorso, accompagnato da un\u2019audioguida con la voce di <strong>Marco Presta<\/strong>, suo ex allievo all\u2019Accademia d\u2019Arte Drammatica, \u00e8 punteggiato da fotografie, lettere, copioni, materiali audiovisivi e interviste tratte dalle <strong>Teche Rai<\/strong> e da <strong>Palomar<\/strong>. Ci sono persino frammenti curiosi: un servizio del <em>Tg2<\/em> del 1996, una chiacchierata con Patrizio Roversi, il backstage del suo <em>Tiresia<\/em>.<\/p>\n\n\n\n<p>Camilleri non \u00e8 stato solo l\u2019autore di un commissario fortunato. \u00c8 stato un uomo che ha riempito di parole ogni spazio possibile: la pagina, il palco, lo schermo. E che fino all\u2019ultimo, con ironia e un pizzico di scetticismo, ha continuato a raccontarci che il mondo \u2014 per quanto assurdo \u2014 merita sempre un applauso.<\/p>\n\n\n<div class=\"wp-block-image\">\n<figure data-wp-context=\"{&quot;imageId&quot;:&quot;69ec9331ac741&quot;}\" data-wp-interactive=\"core\/image\" data-wp-key=\"69ec9331ac741\" class=\"aligncenter size-large wp-lightbox-container\"><img decoding=\"async\" data-wp-class--hide=\"state.isContentHidden\" data-wp-class--show=\"state.isContentVisible\" data-wp-init=\"callbacks.setButtonStyles\" data-wp-on--click=\"actions.showLightbox\" data-wp-on--load=\"callbacks.setButtonStyles\" data-wp-on-window--resize=\"callbacks.setButtonStyles\" src=\"https:\/\/8748962.fs1.hubspotusercontent-na1.net\/hubfs\/8748962\/ZVE01652.jpg\" alt=\"\"\/><button\n\t\t\tclass=\"lightbox-trigger\"\n\t\t\ttype=\"button\"\n\t\t\taria-haspopup=\"dialog\"\n\t\t\taria-label=\"Ingrandisci\"\n\t\t\tdata-wp-init=\"callbacks.initTriggerButton\"\n\t\t\tdata-wp-on--click=\"actions.showLightbox\"\n\t\t\tdata-wp-style--right=\"state.imageButtonRight\"\n\t\t\tdata-wp-style--top=\"state.imageButtonTop\"\n\t\t>\n\t\t\t<svg xmlns=\"http:\/\/www.w3.org\/2000\/svg\" width=\"12\" height=\"12\" fill=\"none\" viewBox=\"0 0 12 12\">\n\t\t\t\t<path fill=\"#fff\" d=\"M2 0a2 2 0 0 0-2 2v2h1.5V2a.5.5 0 0 1 .5-.5h2V0H2Zm2 10.5H2a.5.5 0 0 1-.5-.5V8H0v2a2 2 0 0 0 2 2h2v-1.5ZM8 12v-1.5h2a.5.5 0 0 0 .5-.5V8H12v2a2 2 0 0 1-2 2H8Zm2-12a2 2 0 0 1 2 2v2h-1.5V2a.5.5 0 0 0-.5-.5H8V0h2Z\" \/>\n\t\t\t<\/svg>\n\t\t<\/button><figcaption class=\"wp-element-caption\">Allestimento<\/figcaption><\/figure>\n<\/div>\n\n\n<div style=\"height:30px\" aria-hidden=\"true\" class=\"wp-block-spacer\"><\/div>\n\n\n\n<p>La mostra, aperta al pubblico dal <strong>23 ottobre al 9 novembre 2025<\/strong>, con orari differenziati nei fine settimana, si inserisce nel <strong>Centenario Camilleri<\/strong>, promosso dal Fondo Andrea Camilleri e dal Comitato Nazionale <em>Camilleri 100<\/em>.<\/p>\n<\/div>\n<\/div>\n\n\n\n<div style=\"height:21px\" aria-hidden=\"true\" class=\"wp-block-spacer\"><\/div>\n\n\n\n<hr class=\"wp-block-separator has-alpha-channel-opacity\"\/>\n\n\n\n<figure class=\"wp-block-table is-style-stripes\" style=\"font-size:15px\"><table><tbody><tr><td><strong>Ufficio Stampa<\/strong>&nbsp;<strong>Arthemisia<\/strong><br>Salvatore Macaluso |&nbsp;<a href=\"mailto:sam@arthemisia.it\">sam@arthemisia.it<\/a><br><a href=\"mailto:press@arthemisia.it\">press@arthemisia.it<\/a>&nbsp;| T. +39 06 69380306 | T. +39 06 87153272 \u2013 int. 332<\/td><\/tr><\/tbody><\/table><\/figure>\n\n\n\n<figure class=\"wp-block-table is-style-stripes\" style=\"font-size:15px\"><table><tbody><tr><td>Da&nbsp;<a href=\"mailto:press@arthemisia.it\">UFFICIO STAMPA ARTHEMISIA &lt;press@arthemisia.it&gt;<\/a><\/td><\/tr><\/tbody><\/table><\/figure>\n\n\n\n<div class=\"wp-block-group has-small-font-size\"><div class=\"wp-block-group__inner-container is-layout-constrained wp-block-group-is-layout-constrained\">\n<p class=\"has-black-color has-text-color has-link-color has-small-font-size wp-elements-85e2c90901e43e47ee3de69beb24b9ec\"><strong>A chiarimento delle problematiche relative al copyright delle immagini.<\/strong><br>Le immagini eventualmente riprodotte in pagina sono coperte da copyright (diritto d\u2019autore) e &#8211; qualora non fosse di per s\u00e9 chiaro &#8211; specifichiamo che sono state fornite a Experiences S.r.l. dagli Organizzatori o dagli Uffici Stampa degli eventi, esclusivamente per accompagnarne segnalazioni o articoli inerenti. Tali immagini non possono essere acquisite in alcun modo, come ad esempio download o screenshot. Qualunque indebito utilizzo \u00e8 perseguibile ai sensi di Legge, per iniziativa di ogni avente diritto, e pertanto Experiences S.r.l. \u00e8 sollevata da qualsiasi tipo di responsabilit\u00e0.<\/p>\n<\/div><\/div>\n\n\n\n<div class=\"wp-block-group\"><div class=\"wp-block-group__inner-container is-layout-flow wp-block-group-is-layout-flow\">\n<div style=\"height:50px\" aria-hidden=\"true\" class=\"wp-block-spacer\"><\/div>\n\n\n<div class=\"wp-block-image\">\n<figure class=\"aligncenter size-full\"><a href=\"https:\/\/www.experiences.it\/\"><img loading=\"lazy\" decoding=\"async\" width=\"70\" height=\"70\" data-attachment-id=\"120\" data-permalink=\"https:\/\/www.experiences.it\/channels\/la-situazione-attuale\/logo4\" data-orig-file=\"https:\/\/www.experiences.it\/channels\/wp-content\/uploads\/2021\/08\/logo4.jpeg\" data-orig-size=\"70,70\" data-comments-opened=\"1\" data-image-meta=\"{&quot;aperture&quot;:&quot;0&quot;,&quot;credit&quot;:&quot;&quot;,&quot;camera&quot;:&quot;&quot;,&quot;caption&quot;:&quot;&quot;,&quot;created_timestamp&quot;:&quot;0&quot;,&quot;copyright&quot;:&quot;&quot;,&quot;focal_length&quot;:&quot;0&quot;,&quot;iso&quot;:&quot;0&quot;,&quot;shutter_speed&quot;:&quot;0&quot;,&quot;title&quot;:&quot;&quot;,&quot;orientation&quot;:&quot;0&quot;}\" data-image-title=\"logo4\" data-image-description=\"\" data-image-caption=\"\" data-large-file=\"https:\/\/www.experiences.it\/channels\/wp-content\/uploads\/2021\/08\/logo4.jpeg\" src=\"http:\/\/www.experiences.it\/channels\/wp-content\/uploads\/2021\/08\/logo4.jpeg\" alt=\"\" class=\"wp-image-120\"\/><\/a><\/figure>\n<\/div>\n\n\n<div style=\"height:50px\" aria-hidden=\"true\" class=\"wp-block-spacer\"><\/div>\n<\/div><\/div>\n","protected":false},"excerpt":{"rendered":"<p>A Palazzo Firenze la mostra per i cent\u2019anni dello scrittore: sei stanze per una vita intera di Salvo Morelli &#8220;ANDREA CAMILLERI.Scene, voci, accenti, scritture: il teatro infinito di Andrea Camilleri&#8221; Palazzo Firenze, Roma23 ottobre &#8211; 9 novembre 2025 Palazzo FirenzePiazza di Firenze, 27 &#8211; 00186 Roma A Roma, nella Sala Walter Mauro di Palazzo Firenze, [&hellip;]<\/p>\n","protected":false},"author":1,"featured_media":3274,"comment_status":"closed","ping_status":"closed","sticky":false,"template":"","format":"standard","meta":{"_jetpack_memberships_contains_paid_content":false,"footnotes":""},"categories":[1],"tags":[],"class_list":["post-3270","post","type-post","status-publish","format-standard","has-post-thumbnail","hentry","category-senza-categoria"],"jetpack_featured_media_url":"https:\/\/www.experiences.it\/channels\/wp-content\/uploads\/2025\/10\/Andrea-Camilleri.jpg","jetpack_likes_enabled":true,"jetpack_sharing_enabled":true,"_links":{"self":[{"href":"https:\/\/www.experiences.it\/channels\/wp-json\/wp\/v2\/posts\/3270","targetHints":{"allow":["GET"]}}],"collection":[{"href":"https:\/\/www.experiences.it\/channels\/wp-json\/wp\/v2\/posts"}],"about":[{"href":"https:\/\/www.experiences.it\/channels\/wp-json\/wp\/v2\/types\/post"}],"author":[{"embeddable":true,"href":"https:\/\/www.experiences.it\/channels\/wp-json\/wp\/v2\/users\/1"}],"replies":[{"embeddable":true,"href":"https:\/\/www.experiences.it\/channels\/wp-json\/wp\/v2\/comments?post=3270"}],"version-history":[{"count":6,"href":"https:\/\/www.experiences.it\/channels\/wp-json\/wp\/v2\/posts\/3270\/revisions"}],"predecessor-version":[{"id":3277,"href":"https:\/\/www.experiences.it\/channels\/wp-json\/wp\/v2\/posts\/3270\/revisions\/3277"}],"wp:featuredmedia":[{"embeddable":true,"href":"https:\/\/www.experiences.it\/channels\/wp-json\/wp\/v2\/media\/3274"}],"wp:attachment":[{"href":"https:\/\/www.experiences.it\/channels\/wp-json\/wp\/v2\/media?parent=3270"}],"wp:term":[{"taxonomy":"category","embeddable":true,"href":"https:\/\/www.experiences.it\/channels\/wp-json\/wp\/v2\/categories?post=3270"},{"taxonomy":"post_tag","embeddable":true,"href":"https:\/\/www.experiences.it\/channels\/wp-json\/wp\/v2\/tags?post=3270"}],"curies":[{"name":"wp","href":"https:\/\/api.w.org\/{rel}","templated":true}]}}